{"id":1001,"date":"2015-02-03T20:40:57","date_gmt":"2015-02-03T19:40:57","guid":{"rendered":"https:\/\/laespiral.deusto.es\/?p=1001"},"modified":"2022-07-18T12:46:27","modified_gmt":"2022-07-18T10:46:27","slug":"bime-2014","status":"publish","type":"post","link":"https:\/\/laespiral.deusto.es\/eu\/bime-2014\/","title":{"rendered":"BIME 2014"},"content":{"rendered":"<p><a href=\"https:\/\/laespiral.deusto.es\/wp-content\/uploads\/2015\/02\/BIME-2014.jpg\"><img loading=\"lazy\" decoding=\"async\" class=\"aligncenter size-large wp-image-1002\" alt=\"BIME 2014\" src=\"https:\/\/laespiral.deusto.es\/wp-content\/uploads\/2015\/02\/BIME-2014-1024x683.jpg\" width=\"1024\" height=\"683\" srcset=\"https:\/\/laespiral.deusto.es\/wp-content\/uploads\/2015\/02\/BIME-2014-1024x683.jpg 1024w, https:\/\/laespiral.deusto.es\/wp-content\/uploads\/2015\/02\/BIME-2014-300x200.jpg 300w, https:\/\/laespiral.deusto.es\/wp-content\/uploads\/2015\/02\/BIME-2014.jpg 2048w\" sizes=\"auto, (max-width: 1024px) 100vw, 1024px\" \/><\/a><\/p>\n<p>La segunda edici\u00f3n del <i>Bizkaia International Music Experience<\/i> celebrada en el BEC del 29 de octubre al 1 de noviembre, no dej\u00f3 indiferente a nadie. En primer lugar, la secci\u00f3n PRO (dedicada a charlas, coloquios, <i>show cases<\/i> y otras historias) mejor\u00f3 bastante en comparaci\u00f3n al a\u00f1o pasado, por su contenido y difusi\u00f3n. Adem\u00e1s, \u00a0Lorena Fern\u00e1ndez, Oswaldo Lorenzo y Amaia Makua de la Universidad de Deusto, fueron conferenciantes en una nueva iniciativa de este festival, el BIME Recruiting, la cual tuvo como objetivo crear un lugar de encuentro entre las empresas, centros de formaci\u00f3n y profesionales en b\u00fasqueda activa de empleo.<\/p>\n<p>En cuanto a la parte verdaderamente musical, el BIME \u00a0live, tuvo lugar los dos \u00faltimos d\u00edas de esta experiencia y congreg\u00f3 seg\u00fan los organizadores a m\u00e1s de 20.000 personas. Todo esto gracias a nombres tan variados como Placebo, Mando Diao, Macy Gray, The Divine Comedy, The National, The Kooks\u2026 y un largo etc\u00e9tera de artistas que en mi opini\u00f3n hicieron que la formula de esta \u00faltima edici\u00f3n fuera m\u00e1s bonita que la primera, teniendo en cuenta que el Bilbao Exhibition Centre no es la localizaci\u00f3n m\u00e1s f\u00e1cil de sonorizar.<\/p>\n","protected":false},"excerpt":{"rendered":"<p>La segunda edici\u00f3n del Bizkaia International Music Experience celebrada en el BEC del 29 de octubre al 1 de noviembre, no dej\u00f3 indiferente a nadie. En primer lugar, la secci\u00f3n PRO (dedicada a charlas, coloquios, show cases y otras historias) mejor\u00f3 bastante en comparaci\u00f3n al a\u00f1o pasado, por su contenido y difusi\u00f3n. Adem\u00e1s, \u00a0Lorena Fern\u00e1ndez, [&hellip;]<\/p>\n","protected":false},"author":30,"featured_media":1002,"comment_status":"open","ping_status":"closed","sticky":false,"template":"","format":"standard","meta":{"om_disable_all_campaigns":false,"_monsterinsights_skip_tracking":false,"_monsterinsights_sitenote_active":false,"_monsterinsights_sitenote_note":"","_monsterinsights_sitenote_category":0,"_uf_show_specific_survey":0,"_uf_disable_surveys":false,"_genesis_hide_title":false,"_genesis_hide_breadcrumbs":false,"_genesis_hide_singular_image":false,"_genesis_hide_footer_widgets":false,"_genesis_custom_body_class":"","_genesis_custom_post_class":"","_genesis_layout":"","footnotes":""},"categories":[18,17],"tags":[346,144,348,98,347],"class_list":{"0":"post-1001","1":"post","2":"type-post","3":"status-publish","4":"format-standard","5":"has-post-thumbnail","7":"category-cronica","8":"category-zona-critica","9":"tag-festival","10":"tag-jon-hervas","11":"tag-kooks","12":"tag-musica-2","13":"tag-placebo","14":"entry"},"aioseo_notices":[],"_links":{"self":[{"href":"https:\/\/laespiral.deusto.es\/eu\/wp-json\/wp\/v2\/posts\/1001","targetHints":{"allow":["GET"]}}],"collection":[{"href":"https:\/\/laespiral.deusto.es\/eu\/wp-json\/wp\/v2\/posts"}],"about":[{"href":"https:\/\/laespiral.deusto.es\/eu\/wp-json\/wp\/v2\/types\/post"}],"author":[{"embeddable":true,"href":"https:\/\/laespiral.deusto.es\/eu\/wp-json\/wp\/v2\/users\/30"}],"replies":[{"embeddable":true,"href":"https:\/\/laespiral.deusto.es\/eu\/wp-json\/wp\/v2\/comments?post=1001"}],"version-history":[{"count":4,"href":"https:\/\/laespiral.deusto.es\/eu\/wp-json\/wp\/v2\/posts\/1001\/revisions"}],"predecessor-version":[{"id":3851,"href":"https:\/\/laespiral.deusto.es\/eu\/wp-json\/wp\/v2\/posts\/1001\/revisions\/3851"}],"wp:featuredmedia":[{"embeddable":true,"href":"https:\/\/laespiral.deusto.es\/eu\/wp-json\/wp\/v2\/media\/1002"}],"wp:attachment":[{"href":"https:\/\/laespiral.deusto.es\/eu\/wp-json\/wp\/v2\/media?parent=1001"}],"wp:term":[{"taxonomy":"category","embeddable":true,"href":"https:\/\/laespiral.deusto.es\/eu\/wp-json\/wp\/v2\/categories?post=1001"},{"taxonomy":"post_tag","embeddable":true,"href":"https:\/\/laespiral.deusto.es\/eu\/wp-json\/wp\/v2\/tags?post=1001"}],"curies":[{"name":"wp","href":"https:\/\/api.w.org\/{rel}","templated":true}]}}