{"id":1690,"date":"2016-12-06T17:16:33","date_gmt":"2016-12-06T16:16:33","guid":{"rendered":"https:\/\/laespiral.deusto.es\/?p=1690"},"modified":"2022-07-18T12:50:55","modified_gmt":"2022-07-18T10:50:55","slug":"sin-obolo-en-la-boca-del-muerto","status":"publish","type":"post","link":"https:\/\/laespiral.deusto.es\/eu\/sin-obolo-en-la-boca-del-muerto\/","title":{"rendered":"Sin \u00f3bolo en la boca del muerto"},"content":{"rendered":"<h4><\/h4>\n<p>&nbsp;<\/p>\n<h3 style=\"text-align: center;\"><\/h3>\n<h3 style=\"text-align: center;\">Leopoldo Mar\u00eda Panero<\/h3>\n<div id=\"attachment_1699\" style=\"width: 310px\" class=\"wp-caption aligncenter\"><img loading=\"lazy\" decoding=\"async\" aria-describedby=\"caption-attachment-1699\" class=\"wp-image-1699 size-medium\" src=\"https:\/\/laespiral.deusto.es\/wp-content\/uploads\/2016\/12\/Leopoldo-Maria-Panero-El-Cangrejo-Pistolero-300x297.jpg\" alt=\"Retrato del poeta por \" width=\"300\" height=\"297\" srcset=\"https:\/\/laespiral.deusto.es\/wp-content\/uploads\/2016\/12\/Leopoldo-Maria-Panero-El-Cangrejo-Pistolero-300x297.jpg 300w, https:\/\/laespiral.deusto.es\/wp-content\/uploads\/2016\/12\/Leopoldo-Maria-Panero-El-Cangrejo-Pistolero-150x150.jpg 150w, https:\/\/laespiral.deusto.es\/wp-content\/uploads\/2016\/12\/Leopoldo-Maria-Panero-El-Cangrejo-Pistolero-768x760.jpg 768w, https:\/\/laespiral.deusto.es\/wp-content\/uploads\/2016\/12\/Leopoldo-Maria-Panero-El-Cangrejo-Pistolero-100x100.jpg 100w, https:\/\/laespiral.deusto.es\/wp-content\/uploads\/2016\/12\/Leopoldo-Maria-Panero-El-Cangrejo-Pistolero.jpg 906w\" sizes=\"auto, (max-width: 300px) 100vw, 300px\" \/><p id=\"caption-attachment-1699\" class=\"wp-caption-text\">Retrato del poeta por <a href=\"https:\/\/antoniogarciavillaran.blogspot.com.es\/\">Antonio Garc\u00eda Villar\u00e1n<\/a><\/p><\/div>\n<h4><\/h4>\n<p>&nbsp;<\/p>\n<p>&nbsp;<\/p>\n<p>Como las aguas antiguas de los oc\u00e9anos<\/p>\n<p>ca\u00edan a un abismo sin fondo,<\/p>\n<p>alguien se tira de la vida<\/p>\n<p>desde los bordes de sus p\u00e1ginas.<\/p>\n<p>Ninguna llave regula el paso<\/p>\n<p>de las \u00e1guilas y en la boca<\/p>\n<p>de las ca\u00f1er\u00edas se intoxican<\/p>\n<p>leones crespos.<\/p>\n<p>Nadie mejor que \u00e9l llamar\u00eda<\/p>\n<p>al candor rata<\/p>\n<p>y a las alas de los poetas<\/p>\n<p>columbarios.<\/p>\n<p>Con la desmesura de quien<\/p>\n<p>no ha pactado con el veneno,<\/p>\n<p>en el borde de la mand\u00edbula<\/p>\n<p>un diente escribe obscenidades,<\/p>\n<p>en la tapa del ata\u00fad o en el humo<\/p>\n<p>cinerario donde ladran versos cancerberos<\/p>\n<p>sin pagar el peaje.<\/p>\n<p>&nbsp;<\/p>\n<p>&nbsp;<\/p>\n<h3 style=\"text-align: center;\">Arthur Rimbaud<\/h3>\n<div id=\"attachment_1696\" style=\"width: 253px\" class=\"wp-caption aligncenter\"><img loading=\"lazy\" decoding=\"async\" aria-describedby=\"caption-attachment-1696\" class=\"wp-image-1696 size-medium\" src=\"https:\/\/laespiral.deusto.es\/wp-content\/uploads\/2016\/12\/rimbaud-verlain-243x300.jpg\" alt=\"rimbaud verlain\" width=\"243\" height=\"300\" srcset=\"https:\/\/laespiral.deusto.es\/wp-content\/uploads\/2016\/12\/rimbaud-verlain-243x300.jpg 243w, https:\/\/laespiral.deusto.es\/wp-content\/uploads\/2016\/12\/rimbaud-verlain-768x949.jpg 768w, https:\/\/laespiral.deusto.es\/wp-content\/uploads\/2016\/12\/rimbaud-verlain.jpg 829w\" sizes=\"auto, (max-width: 243px) 100vw, 243px\" \/><p id=\"caption-attachment-1696\" class=\"wp-caption-text\">Ilustraci\u00f3n de Paul Verlaine, datada en junio de 1872.<\/p><\/div>\n<p>&nbsp;<\/p>\n<h4><\/h4>\n<p>&nbsp;<\/p>\n<p>&nbsp;<\/p>\n<p>En los campos ve\u00eda volar guada\u00f1as.<\/p>\n<p>En lo alto de los muros cristales largos<\/p>\n<p>invitaban a las manos al riesgo de los otros lados.<\/p>\n<p>Anduvo por terrenos fuera de poblados,<\/p>\n<p>descubierto, expuesto a los vientos,<\/p>\n<p>en el campo se recog\u00eda a cubierto<\/p>\n<p>en los montes y en las zanjas.<\/p>\n<p>Como los tallos de algunas flores<\/p>\n<p>se tend\u00eda en el suelo horizonte<\/p>\n<p>y en su camino hab\u00eda bosques claros<\/p>\n<p>donde contemplaba la semilla de sus zapatos.<\/p>\n<p>Siempre hu\u00eda de Charleville.<\/p>\n<p>Silvestre, espont\u00e1neo, dej\u00f3 crecer<\/p>\n<p>los lirios hediondos a su paso.<\/p>\n<p>Otros buscaban la medida de los versos,<\/p>\n<p>la embarcaci\u00f3n en arena quebrando su movimiento.<\/p>\n<p>Rimbaud siempre se alej\u00f3.<\/p>\n<p>Las nubes le pusieron la corona.<\/p>\n<p>&nbsp;<\/p>\n<p>&nbsp;<\/p>\n","protected":false},"excerpt":{"rendered":"<p>&nbsp; Leopoldo Mar\u00eda Panero &nbsp; &nbsp; Como las aguas antiguas de los oc\u00e9anos ca\u00edan a un abismo sin fondo, alguien se tira de la vida desde los bordes de sus p\u00e1ginas. Ninguna llave regula el paso de las \u00e1guilas y en la boca de las ca\u00f1er\u00edas se intoxican leones crespos. Nadie mejor que \u00e9l llamar\u00eda [&hellip;]<\/p>\n","protected":false},"author":64,"featured_media":1696,"comment_status":"open","ping_status":"closed","sticky":false,"template":"","format":"standard","meta":{"om_disable_all_campaigns":false,"_monsterinsights_skip_tracking":false,"_monsterinsights_sitenote_active":false,"_monsterinsights_sitenote_note":"","_monsterinsights_sitenote_category":0,"_uf_show_specific_survey":0,"_uf_disable_surveys":false,"_genesis_hide_title":false,"_genesis_hide_breadcrumbs":false,"_genesis_hide_singular_image":false,"_genesis_hide_footer_widgets":false,"_genesis_custom_body_class":"","_genesis_custom_post_class":"","_genesis_layout":"","footnotes":""},"categories":[5],"tags":[553,550,192,552,551,27,171],"class_list":{"0":"post-1690","1":"post","2":"type-post","3":"status-publish","4":"format-standard","5":"has-post-thumbnail","7":"category-poesia","8":"tag-felix-martinez-aristin","9":"tag-leopoldo-panero","10":"tag-muerte","11":"tag-obolo","12":"tag-panero","13":"tag-poesia-2","14":"tag-vida","15":"entry"},"aioseo_notices":[],"_links":{"self":[{"href":"https:\/\/laespiral.deusto.es\/eu\/wp-json\/wp\/v2\/posts\/1690","targetHints":{"allow":["GET"]}}],"collection":[{"href":"https:\/\/laespiral.deusto.es\/eu\/wp-json\/wp\/v2\/posts"}],"about":[{"href":"https:\/\/laespiral.deusto.es\/eu\/wp-json\/wp\/v2\/types\/post"}],"author":[{"embeddable":true,"href":"https:\/\/laespiral.deusto.es\/eu\/wp-json\/wp\/v2\/users\/64"}],"replies":[{"embeddable":true,"href":"https:\/\/laespiral.deusto.es\/eu\/wp-json\/wp\/v2\/comments?post=1690"}],"version-history":[{"count":18,"href":"https:\/\/laespiral.deusto.es\/eu\/wp-json\/wp\/v2\/posts\/1690\/revisions"}],"predecessor-version":[{"id":3954,"href":"https:\/\/laespiral.deusto.es\/eu\/wp-json\/wp\/v2\/posts\/1690\/revisions\/3954"}],"wp:featuredmedia":[{"embeddable":true,"href":"https:\/\/laespiral.deusto.es\/eu\/wp-json\/wp\/v2\/media\/1696"}],"wp:attachment":[{"href":"https:\/\/laespiral.deusto.es\/eu\/wp-json\/wp\/v2\/media?parent=1690"}],"wp:term":[{"taxonomy":"category","embeddable":true,"href":"https:\/\/laespiral.deusto.es\/eu\/wp-json\/wp\/v2\/categories?post=1690"},{"taxonomy":"post_tag","embeddable":true,"href":"https:\/\/laespiral.deusto.es\/eu\/wp-json\/wp\/v2\/tags?post=1690"}],"curies":[{"name":"wp","href":"https:\/\/api.w.org\/{rel}","templated":true}]}}