{"id":3754,"date":"2014-05-13T20:10:06","date_gmt":"2014-05-13T18:10:06","guid":{"rendered":"https:\/\/laespiral.deusto.es\/tartalo-ollaparo\/"},"modified":"2014-05-13T20:10:06","modified_gmt":"2014-05-13T18:10:06","slug":"tartalo-ollaparo","status":"publish","type":"post","link":"https:\/\/laespiral.deusto.es\/eu\/tartalo-ollaparo\/","title":{"rendered":"Tartalo\/Oll\u00e1paro"},"content":{"rendered":"<div id=\"attachment_91\" style=\"width: 2010px\" class=\"wp-caption aligncenter\"><a href=\"https:\/\/laespiral.deusto.es\/wp-content\/uploads\/2014\/05\/Oll\u00e1paro.jpg\"><img loading=\"lazy\" decoding=\"async\" aria-describedby=\"caption-attachment-91\" class=\" wp-image-91   \" title=\"Oll\u00e1paro\/ Tartalo\" alt=\"\" src=\"https:\/\/laespiral.deusto.es\/wp-content\/uploads\/2014\/05\/Oll%C3%A1paro.jpg\" width=\"2000\" height=\"2812\" \/><\/a><p id=\"caption-attachment-91\" class=\"wp-caption-text\">Jos\u00e9 \u00c1ngel Ares<\/p><\/div>\n<p>\u00a0<\/p>\n<p>Ilustraci\u00f3n de <a href=\"https:\/\/www.joseangelares.com\/\">Jos\u00e9 \u00c1ngel Ares<\/a> para la exposici\u00f3n Lekuan lekuko mitolox\u00eda (I). Pronto, mucho m\u00e1s&#8230;<\/p>\n<p>\u00a0<\/p>\n","protected":false},"excerpt":{"rendered":"<p>\u00a0 Ilustraci\u00f3n de Jos\u00e9 \u00c1ngel Ares para la exposici\u00f3n Lekuan lekuko mitolox\u00eda (I). Pronto, mucho m\u00e1s&#8230; \u00a0<\/p>\n","protected":false},"author":23,"featured_media":0,"comment_status":"open","ping_status":"closed","sticky":false,"template":"","format":"standard","meta":{"om_disable_all_campaigns":false,"_monsterinsights_skip_tracking":false,"_monsterinsights_sitenote_active":false,"_monsterinsights_sitenote_note":"","_monsterinsights_sitenote_category":0,"_uf_show_specific_survey":0,"_uf_disable_surveys":false,"_genesis_hide_title":false,"_genesis_hide_breadcrumbs":false,"_genesis_hide_singular_image":false,"_genesis_hide_footer_widgets":false,"_genesis_custom_body_class":"","_genesis_custom_post_class":"","_genesis_layout":"","footnotes":""},"categories":[806],"tags":[],"class_list":{"0":"post-3754","1":"post","2":"type-post","3":"status-publish","4":"format-standard","6":"category-argazkilaritza-eta-ilustrazioa","7":"entry","8":"has-post-thumbnail"},"aioseo_notices":[],"_links":{"self":[{"href":"https:\/\/laespiral.deusto.es\/eu\/wp-json\/wp\/v2\/posts\/3754","targetHints":{"allow":["GET"]}}],"collection":[{"href":"https:\/\/laespiral.deusto.es\/eu\/wp-json\/wp\/v2\/posts"}],"about":[{"href":"https:\/\/laespiral.deusto.es\/eu\/wp-json\/wp\/v2\/types\/post"}],"author":[{"embeddable":true,"href":"https:\/\/laespiral.deusto.es\/eu\/wp-json\/wp\/v2\/users\/23"}],"replies":[{"embeddable":true,"href":"https:\/\/laespiral.deusto.es\/eu\/wp-json\/wp\/v2\/comments?post=3754"}],"version-history":[{"count":0,"href":"https:\/\/laespiral.deusto.es\/eu\/wp-json\/wp\/v2\/posts\/3754\/revisions"}],"wp:attachment":[{"href":"https:\/\/laespiral.deusto.es\/eu\/wp-json\/wp\/v2\/media?parent=3754"}],"wp:term":[{"taxonomy":"category","embeddable":true,"href":"https:\/\/laespiral.deusto.es\/eu\/wp-json\/wp\/v2\/categories?post=3754"},{"taxonomy":"post_tag","embeddable":true,"href":"https:\/\/laespiral.deusto.es\/eu\/wp-json\/wp\/v2\/tags?post=3754"}],"curies":[{"name":"wp","href":"https:\/\/api.w.org\/{rel}","templated":true}]}}