{"id":3988,"date":"2017-07-19T01:20:14","date_gmt":"2017-07-18T23:20:14","guid":{"rendered":"https:\/\/laespiral.deusto.es\/escuchando-el-guardador-de-rebanos\/"},"modified":"2017-07-19T01:20:14","modified_gmt":"2017-07-18T23:20:14","slug":"escuchando-el-guardador-de-rebanos","status":"publish","type":"post","link":"https:\/\/laespiral.deusto.es\/eu\/escuchando-el-guardador-de-rebanos\/","title":{"rendered":"Escuchando &#8216;el guardador de reba\u00f1os&#8217;"},"content":{"rendered":"<p><img loading=\"lazy\" decoding=\"async\" class=\"aligncenter size-large wp-image-2020\" src=\"https:\/\/laespiral.deusto.es\/wp-content\/uploads\/2017\/07\/T\u00edtulo-698x1024-698x1024.png\" alt=\"T\u00edtulo-698x1024\" width=\"698\" height=\"1024\" srcset=\"https:\/\/laespiral.deusto.es\/wp-content\/uploads\/2017\/07\/T\u00edtulo-698x1024.png 698w, https:\/\/laespiral.deusto.es\/wp-content\/uploads\/2017\/07\/T\u00edtulo-698x1024-204x300.png 204w\" sizes=\"auto, (max-width: 698px) 100vw, 698px\" \/><\/p>\n<p>&nbsp;<\/p>\n<p>\u201cEl guardador de reba\u00f1os\u201d fue escrito gracias a un arrebato que no se repetir\u00eda en la existencia de Fernando Pessoa. Este momento de gracia vino a modificar la poes\u00eda moderna. Miguel Sua\u00f1a y Marco Borge que nos devuelven estas\u00a0poes\u00edas con la voz uno y la m\u00fasica del otro.<\/p>\n<p>&nbsp;<\/p>\n<audio class=\"wp-audio-shortcode\" id=\"audio-3988-1\" preload=\"none\" style=\"width: 100%;\" controls=\"controls\"><source type=\"audio\/mpeg\" src=\"https:\/\/laespiral.deusto.es\/wp-content\/uploads\/2017\/07\/Camino_hacia_el_gran_secreto.mp3?_=1\" \/><a href=\"https:\/\/laespiral.deusto.es\/wp-content\/uploads\/2017\/07\/Camino_hacia_el_gran_secreto.mp3\">https:\/\/laespiral.deusto.es\/wp-content\/uploads\/2017\/07\/Camino_hacia_el_gran_secreto.mp3<\/a><\/audio>\n<p>&nbsp;<\/p>\n<audio class=\"wp-audio-shortcode\" id=\"audio-3988-2\" preload=\"none\" style=\"width: 100%;\" controls=\"controls\"><source type=\"audio\/mpeg\" src=\"https:\/\/laespiral.deusto.es\/wp-content\/uploads\/2017\/07\/El_misterio_de_las_cosas.mp3?_=2\" \/><a href=\"https:\/\/laespiral.deusto.es\/wp-content\/uploads\/2017\/07\/El_misterio_de_las_cosas.mp3\">https:\/\/laespiral.deusto.es\/wp-content\/uploads\/2017\/07\/El_misterio_de_las_cosas.mp3<\/a><\/audio>\n<p>&nbsp;<\/p>\n<audio class=\"wp-audio-shortcode\" id=\"audio-3988-3\" preload=\"none\" style=\"width: 100%;\" controls=\"controls\"><source type=\"audio\/mpeg\" src=\"https:\/\/laespiral.deusto.es\/wp-content\/uploads\/2017\/07\/El_mundo.mp3?_=3\" \/><a href=\"https:\/\/laespiral.deusto.es\/wp-content\/uploads\/2017\/07\/El_mundo.mp3\">https:\/\/laespiral.deusto.es\/wp-content\/uploads\/2017\/07\/El_mundo.mp3<\/a><\/audio>\n<p>&nbsp;<\/p>\n<audio class=\"wp-audio-shortcode\" id=\"audio-3988-4\" preload=\"none\" style=\"width: 100%;\" controls=\"controls\"><source type=\"audio\/mpeg\" src=\"https:\/\/laespiral.deusto.es\/wp-content\/uploads\/2017\/07\/Escrito_est\u00e1.mp3?_=4\" \/><a href=\"https:\/\/laespiral.deusto.es\/wp-content\/uploads\/2017\/07\/Escrito_est\u00e1.mp3\">https:\/\/laespiral.deusto.es\/wp-content\/uploads\/2017\/07\/Escrito_est\u00e1.mp3<\/a><\/audio>\n<p>&nbsp;<\/p>\n<audio class=\"wp-audio-shortcode\" id=\"audio-3988-5\" preload=\"none\" style=\"width: 100%;\" controls=\"controls\"><source type=\"audio\/mpeg\" src=\"https:\/\/laespiral.deusto.es\/wp-content\/uploads\/2017\/07\/La_luz_del_sol.mp3?_=5\" \/><a href=\"https:\/\/laespiral.deusto.es\/wp-content\/uploads\/2017\/07\/La_luz_del_sol.mp3\">https:\/\/laespiral.deusto.es\/wp-content\/uploads\/2017\/07\/La_luz_del_sol.mp3<\/a><\/audio>\n<p>&nbsp;<\/p>\n<audio class=\"wp-audio-shortcode\" id=\"audio-3988-6\" preload=\"none\" style=\"width: 100%;\" controls=\"controls\"><source type=\"audio\/mpeg\" src=\"https:\/\/laespiral.deusto.es\/wp-content\/uploads\/2017\/07\/Nada_piensa_nada.mp3?_=6\" \/><a href=\"https:\/\/laespiral.deusto.es\/wp-content\/uploads\/2017\/07\/Nada_piensa_nada.mp3\">https:\/\/laespiral.deusto.es\/wp-content\/uploads\/2017\/07\/Nada_piensa_nada.mp3<\/a><\/audio>\n<p>&nbsp;<br \/>\n<strong>Marco Borge<\/strong><\/p>\n<p>Es m\u00fasico y compositor. Formado en diferentes escuelas musicales: cl\u00e1sica, jazz, afrocubana y brasileira, la guitarra es su veh\u00edculo de expresi\u00f3n principal. En la actualidad reparte su actividad musical entre la docencia y el campo esc\u00e9nico, actuando bien como solista, (WORDS &amp; WINE) acompa\u00f1ando al cante flamenco (DAKI) o en formaci\u00f3n de grupo con el cuarteto MASIOMPA.<br \/>\nAdem\u00e1s, cuenta con una amplia experiencia en el dise\u00f1o y organizaci\u00f3n de ciclos musicales y culturales: \u2018Mundu guztiak\u2019 (Barakaldo), \u2018Mila musika haria\u2019 o los encuentros flamencos \u201cUna r\u00eda con duende\u201d (Bilbao) que, desde hace diez a\u00f1os, re\u00fane a un gran n\u00famero de aficionados durante el mes de septiembre, creando un espacio de interacci\u00f3n constante entre artistas y p\u00fablico.<\/p>\n<p>&nbsp;<\/p>\n<p><strong>Miguel Sua\u00f1a<\/strong><\/p>\n<p>Ha cristalizado su vocaci\u00f3n literaria y de int\u00e9rprete en creaCCiones Sua\u00f1a, plataforma desde donde impulsa tanto proyectos audiovisuales (\u201cEl Desertor\u201d,cortometraje) como esc\u00e9nicos: \u2018Words &amp; Wine \u2013 Historias enomusicales\u2019, que ha escrito e interpreta junto a Marco Borge. Sua\u00f1a promueve experiencias docentes (Taller \u2018Selfilm Cine\u2019) y de escritura propia (\u201cLa Calleja del Son Con-Verso\u201d) o de edici\u00f3n de textos consagrados: \u201cAlicia y el Ladr\u00f3n de Cuentos\u201d, (Varios Autores) que adapt\u00f3 para el Festival B.A.D (\u201c2C2\u201d, Bilbao 2004) como autor teatral.<\/p>\n<p>&nbsp;<\/p>\n","protected":false},"excerpt":{"rendered":"<p>&nbsp; \u201cEl guardador de reba\u00f1os\u201d fue escrito gracias a un arrebato que no se repetir\u00eda en la existencia de Fernando Pessoa. Este momento de gracia vino a modificar la poes\u00eda moderna. Miguel Sua\u00f1a y Marco Borge que nos devuelven estas\u00a0poes\u00edas con la voz uno y la m\u00fasica del otro. &nbsp; &nbsp; &nbsp; &nbsp; &nbsp; &nbsp; [&hellip;]<\/p>\n","protected":false},"author":86,"featured_media":4500,"comment_status":"open","ping_status":"closed","sticky":false,"template":"","format":"standard","meta":{"om_disable_all_campaigns":false,"_monsterinsights_skip_tracking":false,"_monsterinsights_sitenote_active":false,"_monsterinsights_sitenote_note":"","_monsterinsights_sitenote_category":0,"_uf_show_specific_survey":0,"_uf_disable_surveys":false,"_genesis_hide_title":false,"_genesis_hide_breadcrumbs":false,"_genesis_hide_singular_image":false,"_genesis_hide_footer_widgets":false,"_genesis_custom_body_class":"","_genesis_custom_post_class":"","_genesis_layout":"","footnotes":""},"categories":[821],"tags":[],"class_list":{"0":"post-3988","1":"post","2":"type-post","3":"status-publish","4":"format-standard","5":"has-post-thumbnail","7":"category-literatura-berriak","8":"entry"},"aioseo_notices":[],"_links":{"self":[{"href":"https:\/\/laespiral.deusto.es\/eu\/wp-json\/wp\/v2\/posts\/3988","targetHints":{"allow":["GET"]}}],"collection":[{"href":"https:\/\/laespiral.deusto.es\/eu\/wp-json\/wp\/v2\/posts"}],"about":[{"href":"https:\/\/laespiral.deusto.es\/eu\/wp-json\/wp\/v2\/types\/post"}],"author":[{"embeddable":true,"href":"https:\/\/laespiral.deusto.es\/eu\/wp-json\/wp\/v2\/users\/86"}],"replies":[{"embeddable":true,"href":"https:\/\/laespiral.deusto.es\/eu\/wp-json\/wp\/v2\/comments?post=3988"}],"version-history":[{"count":0,"href":"https:\/\/laespiral.deusto.es\/eu\/wp-json\/wp\/v2\/posts\/3988\/revisions"}],"wp:featuredmedia":[{"embeddable":true,"href":"https:\/\/laespiral.deusto.es\/eu\/wp-json\/wp\/v2\/media\/4500"}],"wp:attachment":[{"href":"https:\/\/laespiral.deusto.es\/eu\/wp-json\/wp\/v2\/media?parent=3988"}],"wp:term":[{"taxonomy":"category","embeddable":true,"href":"https:\/\/laespiral.deusto.es\/eu\/wp-json\/wp\/v2\/categories?post=3988"},{"taxonomy":"post_tag","embeddable":true,"href":"https:\/\/laespiral.deusto.es\/eu\/wp-json\/wp\/v2\/tags?post=3988"}],"curies":[{"name":"wp","href":"https:\/\/api.w.org\/{rel}","templated":true}]}}