{"id":5261,"date":"2025-02-12T10:00:00","date_gmt":"2025-02-12T09:00:00","guid":{"rendered":"https:\/\/laespiral.deusto.es\/?p=5261"},"modified":"2025-02-12T11:39:04","modified_gmt":"2025-02-12T10:39:04","slug":"el-tilo-y-el-novelty","status":"publish","type":"post","link":"https:\/\/laespiral.deusto.es\/eu\/el-tilo-y-el-novelty\/","title":{"rendered":"El Tilo y el Novelty"},"content":{"rendered":"\n<figure class=\"wp-block-image size-full\"><a href=\"https:\/\/laespiral.deusto.es\/wp-content\/uploads\/2025\/02\/novelty-9423_1-2265831_20201215185550-1200x800-1.webp\"><img loading=\"lazy\" decoding=\"async\" width=\"1200\" height=\"800\" src=\"https:\/\/laespiral.deusto.es\/wp-content\/uploads\/2025\/02\/novelty-9423_1-2265831_20201215185550-1200x800-1.webp\" alt=\"\" class=\"wp-image-5264\" srcset=\"https:\/\/laespiral.deusto.es\/wp-content\/uploads\/2025\/02\/novelty-9423_1-2265831_20201215185550-1200x800-1.webp 1200w, https:\/\/laespiral.deusto.es\/wp-content\/uploads\/2025\/02\/novelty-9423_1-2265831_20201215185550-1200x800-1-300x200.webp 300w, https:\/\/laespiral.deusto.es\/wp-content\/uploads\/2025\/02\/novelty-9423_1-2265831_20201215185550-1200x800-1-1024x683.webp 1024w, https:\/\/laespiral.deusto.es\/wp-content\/uploads\/2025\/02\/novelty-9423_1-2265831_20201215185550-1200x800-1-768x512.webp 768w\" sizes=\"auto, (max-width: 1200px) 100vw, 1200px\" \/><\/a><\/figure>\n\n\n\n<p><\/p>\n\n\n\n<p>Caf\u00e9 en el \u201cTilo\u201d en Salamanca sue\u00f1an.<\/p>\n\n\n\n<p>Del reino, leona ilustre, viejo y ni\u00f1o <br>de Bilbao, sentimiento compartido <br>extra\u00f1o y ambivalente, nos duele.<\/p>\n\n\n\n<p>Salamanca dormida en sus laureles. <br>Tormes ba\u00f1\u00f3 mi infancia, rebozo de arena <br>en arenales ya absorbidos, despert\u00e9.<\/p>\n\n\n\n<p>A la seca tierra so\u00f1ar con un diluvio <br>con beso dulceamargo en los labios <br>un dolor de remanso, no me recuerda.<\/p>\n\n\n\n<p>N\u00e1yade de r\u00edo bajo l\u00ednea viaja <br>anhela mares azules cubriendo tesos <br>bald\u00edos, cargado de nostalgia sue\u00f1a.<\/p>\n\n\n\n<p>Austera te admiro pasando el puente <br>enciendes tus piedras con sol de tarde. <br>A don Miguel sigo, quiz\u00e1 lo encuentre.<\/p>\n\n\n\n<p>En el \u201cNovelty\u201d, viviendo en Salamanca <br>sigo remando en la r\u00eda, caf\u00e9 en el \u201cTilo\u201d. <br>Culocolorao en bragas de mi pelo tira.<\/p>\n\n\n\n<p>\u201cEl mundo entero es un Bilbao m\u00e1s grande\u201d<sup data-fn=\"01c369ee-3b5e-4a34-812c-67500f207af7\" class=\"fn\"><a id=\"01c369ee-3b5e-4a34-812c-67500f207af7-link\" href=\"#01c369ee-3b5e-4a34-812c-67500f207af7\">1<\/a><\/sup><\/p>\n\n\n<ol class=\"wp-block-footnotes\"><li id=\"01c369ee-3b5e-4a34-812c-67500f207af7\">*\u201cHermanos somos todos los humanos<br>el mundo entero es un Bilbao m\u00e1s grande\u201d<br>Miguel de Unamuno, <em>Rimas de adentro<\/em>. <a href=\"#01c369ee-3b5e-4a34-812c-67500f207af7-link\" aria-label=\"Jump to footnote reference 1\">\u21a9\ufe0e<\/a><\/li><\/ol>","protected":false},"excerpt":{"rendered":"<p>Caf\u00e9 en el \u201cTilo\u201d en Salamanca sue\u00f1an. Del reino, leona ilustre, viejo y ni\u00f1o de Bilbao, sentimiento compartido extra\u00f1o y ambivalente, nos duele. Salamanca dormida en sus laureles. Tormes ba\u00f1\u00f3 mi infancia, rebozo de arena en arenales ya absorbidos, despert\u00e9. A la seca tierra so\u00f1ar con un diluvio con beso dulceamargo en los labios un [&hellip;]<\/p>\n","protected":false},"author":154,"featured_media":0,"comment_status":"open","ping_status":"closed","sticky":false,"template":"","format":"standard","meta":{"om_disable_all_campaigns":false,"_monsterinsights_skip_tracking":false,"_monsterinsights_sitenote_active":false,"_monsterinsights_sitenote_note":"","_monsterinsights_sitenote_category":0,"_uf_show_specific_survey":0,"_uf_disable_surveys":false,"_genesis_hide_title":false,"_genesis_hide_breadcrumbs":false,"_genesis_hide_singular_image":false,"_genesis_hide_footer_widgets":false,"_genesis_custom_body_class":"","_genesis_custom_post_class":"","_genesis_layout":"","footnotes":"[{\"content\":\"*\u201cHermanos somos todos los humanos<br>el mundo entero es un Bilbao m\u00e1s grande\u201d<br>Miguel de Unamuno, <em>Rimas de adentro<\/em>.\",\"id\":\"01c369ee-3b5e-4a34-812c-67500f207af7\"}]"},"categories":[5,835],"tags":[],"class_list":{"0":"post-5261","1":"post","2":"type-post","3":"status-publish","4":"format-standard","6":"category-poesia","7":"category-zona-creativa","8":"entry","9":"has-post-thumbnail"},"aioseo_notices":[],"_links":{"self":[{"href":"https:\/\/laespiral.deusto.es\/eu\/wp-json\/wp\/v2\/posts\/5261","targetHints":{"allow":["GET"]}}],"collection":[{"href":"https:\/\/laespiral.deusto.es\/eu\/wp-json\/wp\/v2\/posts"}],"about":[{"href":"https:\/\/laespiral.deusto.es\/eu\/wp-json\/wp\/v2\/types\/post"}],"author":[{"embeddable":true,"href":"https:\/\/laespiral.deusto.es\/eu\/wp-json\/wp\/v2\/users\/154"}],"replies":[{"embeddable":true,"href":"https:\/\/laespiral.deusto.es\/eu\/wp-json\/wp\/v2\/comments?post=5261"}],"version-history":[{"count":11,"href":"https:\/\/laespiral.deusto.es\/eu\/wp-json\/wp\/v2\/posts\/5261\/revisions"}],"predecessor-version":[{"id":5285,"href":"https:\/\/laespiral.deusto.es\/eu\/wp-json\/wp\/v2\/posts\/5261\/revisions\/5285"}],"wp:attachment":[{"href":"https:\/\/laespiral.deusto.es\/eu\/wp-json\/wp\/v2\/media?parent=5261"}],"wp:term":[{"taxonomy":"category","embeddable":true,"href":"https:\/\/laespiral.deusto.es\/eu\/wp-json\/wp\/v2\/categories?post=5261"},{"taxonomy":"post_tag","embeddable":true,"href":"https:\/\/laespiral.deusto.es\/eu\/wp-json\/wp\/v2\/tags?post=5261"}],"curies":[{"name":"wp","href":"https:\/\/api.w.org\/{rel}","templated":true}]}}