{"id":5340,"date":"2025-03-19T10:00:00","date_gmt":"2025-03-19T09:00:00","guid":{"rendered":"https:\/\/laespiral.deusto.es\/?p=5340"},"modified":"2025-07-22T12:28:33","modified_gmt":"2025-07-22T10:28:33","slug":"caleidoscopio","status":"publish","type":"post","link":"https:\/\/laespiral.deusto.es\/eu\/caleidoscopio\/","title":{"rendered":"Caleidoscopio"},"content":{"rendered":"\n<figure class=\"wp-block-image size-full is-resized\"><a href=\"https:\/\/laespiral.deusto.es\/wp-content\/uploads\/2025\/03\/output-onlinepngtools-1.png\"><img loading=\"lazy\" decoding=\"async\" width=\"400\" height=\"267\" src=\"https:\/\/laespiral.deusto.es\/wp-content\/uploads\/2025\/03\/output-onlinepngtools-1.png\" alt=\"\" class=\"wp-image-5341\" style=\"width:840px;height:auto\" srcset=\"https:\/\/laespiral.deusto.es\/wp-content\/uploads\/2025\/03\/output-onlinepngtools-1.png 400w, https:\/\/laespiral.deusto.es\/wp-content\/uploads\/2025\/03\/output-onlinepngtools-1-300x200.png 300w\" sizes=\"auto, (max-width: 400px) 100vw, 400px\" \/><\/a><figcaption class=\"wp-element-caption\">Foto de <a href=\"https:\/\/unsplash.com\/es\/@christianliebel?utm_content=creditCopyText&amp;utm_medium=referral&amp;utm_source=unsplash\">Christian Liebel<\/a> en <a href=\"https:\/\/unsplash.com\/es\/fotos\/una-estrella-en-medio-de-un-fondo-azul-y-amarillo-zGGfj7PpyCQ?utm_content=creditCopyText&amp;utm_medium=referral&amp;utm_source=unsplash\">Unsplash<\/a>.<\/figcaption><\/figure>\n\n\n\n<p>El relevo de guardia se realiz\u00f3 con la rutina habitual. El Oficial saliente me transmiti\u00f3 la soledad en la ruta sin buques en el horizonte y recalc\u00f3 la oscuridad profunda de&nbsp;una noche despejada sin Luna. Con un horizonte tan n\u00edtido, que se ve\u00eda amanecer las estrellas por levante y ponerse por el oeste. Se fue dese\u00e1ndome una buena guardia y una buena mar.<\/p>\n\n\n\n<p>Despu\u00e9s de hacer las comprobaciones pertinentes de seguridad, comenc\u00e9 la jornada con un caf\u00e9 y entr\u00e9 en la derrota para recalcular el rumbo que nos manten\u00eda al sur del l\u00edmite m\u00e1ximo de la banquisa de hielos.<\/p>\n\n\n\n<p>La premura del marinero de guardia recabando mi presencia en el frente del puente me sobresalt\u00f3.&nbsp;<\/p>\n\n\n\n<p>Elevada ligeramente en el horizonte, por la amura de babor, oscilaba una luz blanca. Por su aspecto no muy brillante y ligeramente desdibujada, parec\u00eda lejana, pero no obstante, su tama\u00f1o apuntaba lo contrario.&nbsp;<\/p>\n\n\n\n<p>No era capaz de recordar algo parecido por mucho que rebuscaba en el archivo de mi experiencia. Tampoco aparec\u00eda en la carpeta de historias relatadas por terceros, ni hab\u00eda avisos de hielo en nuestra ruta.<\/p>\n\n\n\n<p>El marinero apunt\u00f3 nervioso que era un ovni, farfull\u00f3 algo sobre su experiencia de un avistamiento en el pasado. Presum\u00eda de haber visto a la Santa Compa\u00f1a y a la Virgen Mar\u00eda. Con semejante historial, su comentario cay\u00f3 en la trituradora del olvido.<\/p>\n\n\n\n<p>Mientras, forzaba los radares tratando de encontrar ecos que delataran alg\u00fan tipo de embarcaci\u00f3n o artefacto flotante del que no ten\u00edamos noticias.&nbsp;<\/p>\n\n\n\n<p>Descart\u00e9 que pudiera ser una boya a la deriva perdida en el Atl\u00e1ntico Norte, imposible, no se hab\u00eda recibido ning\u00fan aviso a los navegantes en este sentido.<\/p>\n\n\n\n<p>\u2014Seguro que es un buque fantasma, alguno de los hundidos por los alemanes en la&nbsp;Segunda Guerra Mundial\u2014 apunt\u00f3 el marinero.&nbsp;<\/p>\n\n\n\n<p>Aquello pose\u00eda vida propia. Su pulso acompasado hac\u00eda que su luz apareciese turbia, producto de las peque\u00f1as irisaciones que emit\u00eda a cada latido.<\/p>\n\n\n\n<p>Aqu\u00ed se consolid\u00f3 mi teor\u00eda de que el tiempo es el\u00e1stico. No s\u00e9 cu\u00e1nto transcurri\u00f3 en esa fase. Se me hizo breve, aunque los relojes evidenciaban lo contrario.<\/p>\n\n\n\n<p>Hubo un momento en que aquella luz explot\u00f3 de forma imperceptible, con suavidad. Envi\u00f3 a la oscuridad miles de part\u00edculas luminosas, regal\u00e1ndonos un espect\u00e1culo inconcebible. Nunca lo he visto superado de forma natural ni por la tecnolog\u00eda humana.<\/p>\n\n\n\n<p>Para hacernos una ligera idea, parec\u00eda que un globo enorme colgara del techo de la discoteca North Atlantic Ocean. Pero no emit\u00eda la luz en destellos sino que lo hac\u00eda suavemente; eran olas recalando con indolencia en una playa paradis\u00edaca.<\/p>\n\n\n\n<p>Variaba los patrones de dibujo, desde formas curvas o angulosas, a puntos que reventaban blandamente como si de fuegos artificiales silenciosos se trataran. Todo se dilu\u00eda en la nada nocturna.<\/p>\n\n\n\n<p>Cambiaba la intensidad del brillo al ritmo de las pulsaciones. Los colores iban y ven\u00edan en ciclos de modo inapreciable para la vista. Armon\u00eda ser\u00eda la palabra m\u00e1s cercana para describirlo.<\/p>\n\n\n\n<p>Ni los colores, ni las formas, ni la intensidad gozaban del mismo tempo, as\u00ed que las combinaciones pod\u00edan ser infinitas.&nbsp;<\/p>\n\n\n\n<p>Navegaba en el interior de un inmenso caleidoscopio. Esta situaci\u00f3n psicod\u00e9lica no me produjo ninguna zozobra, m\u00e1s bien lo contrario.<\/p>\n\n\n\n<p>Me encontraba tan absorto contemplando aquella sinfon\u00eda silenciosa que mi guardia transcurri\u00f3 en un abrir de ojos; no quise, no pude cerrarlos, no quer\u00eda perderme ni un \u00e1pice de aquello.<\/p>\n\n\n\n<p>Mi relevo entr\u00f3 en el puente cinco minutos antes de su hora de su guardia, cortes\u00eda que manten\u00edamos los Oficiales en el puente. Balbuce\u00e9 un lac\u00f3nico \u00abmira lo que me ha sucedido en mi guardia\u00bb&nbsp;<\/p>\n\n\n\n<p>Para esa hora ya hab\u00eda transcurrido el grueso del espect\u00e1culo, pudiera ser que la inminencia del alba apremiara su conclusi\u00f3n. Cenicienta puso en marcha mi cerebro vaciado de pensamientos.<\/p>\n\n\n\n<p>Javi me coment\u00f3 que pod\u00eda asemejarse a una aurora boreal no bien documentada por sus raras apariciones. \u00c9l hab\u00eda vivido el mismo espect\u00e1culo en un viaje de Kobe a Los \u00c1ngeles bordeando las Aleutianas. \u00c9ramos unos afortunados.<\/p>\n\n\n\n<p>Me rog\u00f3 que al d\u00eda siguiente le despertara en el momento que apareciera, sin importar la hora. Merec\u00eda la pena interrumpir su descanso nocturno.<\/p>\n\n\n\n<p>Durante dos jornadas m\u00e1s pude, pudimos asistir a la misma funci\u00f3n. Gran parte de la tripulaci\u00f3n fue testigo de aquello. No encuentro las palabras para describirlo en toda su dimensi\u00f3n.<\/p>\n\n\n\n<p>Fueron tres d\u00edas, perd\u00f3n, tres noches inolvidables. No s\u00f3lo goc\u00e9 con el sentido de la vista. Me sent\u00eda flotando agradablemente en aquel extra\u00f1o juego de luces.<\/p>\n\n\n\n<p>S\u00ed, he visto cosas que nunca hab\u00eda imaginado ver, y que nunca imaginar\u00e9is.<\/p>\n","protected":false},"excerpt":{"rendered":"<p>El relevo de guardia se realiz\u00f3 con la rutina habitual. El Oficial saliente me transmiti\u00f3 la soledad en la ruta sin buques en el horizonte y recalc\u00f3 la oscuridad profunda de&nbsp;una noche despejada sin Luna. Con un horizonte tan n\u00edtido, que se ve\u00eda amanecer las estrellas por levante y ponerse por el oeste. Se fue [&hellip;]<\/p>\n","protected":false},"author":115,"featured_media":0,"comment_status":"open","ping_status":"closed","sticky":false,"template":"","format":"standard","meta":{"om_disable_all_campaigns":false,"_monsterinsights_skip_tracking":false,"_monsterinsights_sitenote_active":false,"_monsterinsights_sitenote_note":"","_monsterinsights_sitenote_category":0,"_uf_show_specific_survey":0,"_uf_disable_surveys":false,"_genesis_hide_title":false,"_genesis_hide_breadcrumbs":false,"_genesis_hide_singular_image":false,"_genesis_hide_footer_widgets":false,"_genesis_custom_body_class":"","_genesis_custom_post_class":"","_genesis_layout":"","footnotes":""},"categories":[18,17],"tags":[],"class_list":{"0":"post-5340","1":"post","2":"type-post","3":"status-publish","4":"format-standard","6":"category-cronica","7":"category-zona-critica","8":"entry","9":"has-post-thumbnail"},"aioseo_notices":[],"_links":{"self":[{"href":"https:\/\/laespiral.deusto.es\/eu\/wp-json\/wp\/v2\/posts\/5340","targetHints":{"allow":["GET"]}}],"collection":[{"href":"https:\/\/laespiral.deusto.es\/eu\/wp-json\/wp\/v2\/posts"}],"about":[{"href":"https:\/\/laespiral.deusto.es\/eu\/wp-json\/wp\/v2\/types\/post"}],"author":[{"embeddable":true,"href":"https:\/\/laespiral.deusto.es\/eu\/wp-json\/wp\/v2\/users\/115"}],"replies":[{"embeddable":true,"href":"https:\/\/laespiral.deusto.es\/eu\/wp-json\/wp\/v2\/comments?post=5340"}],"version-history":[{"count":5,"href":"https:\/\/laespiral.deusto.es\/eu\/wp-json\/wp\/v2\/posts\/5340\/revisions"}],"predecessor-version":[{"id":5554,"href":"https:\/\/laespiral.deusto.es\/eu\/wp-json\/wp\/v2\/posts\/5340\/revisions\/5554"}],"wp:attachment":[{"href":"https:\/\/laespiral.deusto.es\/eu\/wp-json\/wp\/v2\/media?parent=5340"}],"wp:term":[{"taxonomy":"category","embeddable":true,"href":"https:\/\/laespiral.deusto.es\/eu\/wp-json\/wp\/v2\/categories?post=5340"},{"taxonomy":"post_tag","embeddable":true,"href":"https:\/\/laespiral.deusto.es\/eu\/wp-json\/wp\/v2\/tags?post=5340"}],"curies":[{"name":"wp","href":"https:\/\/api.w.org\/{rel}","templated":true}]}}