{"id":5401,"date":"2025-04-09T10:00:00","date_gmt":"2025-04-09T08:00:00","guid":{"rendered":"https:\/\/laespiral.deusto.es\/?p=5401"},"modified":"2025-07-22T11:59:28","modified_gmt":"2025-07-22T09:59:28","slug":"recuerdos","status":"publish","type":"post","link":"https:\/\/laespiral.deusto.es\/eu\/recuerdos\/","title":{"rendered":"Recuerdos"},"content":{"rendered":"\n<figure class=\"wp-block-image size-large is-resized\"><a href=\"https:\/\/laespiral.deusto.es\/wp-content\/uploads\/2025\/03\/tom-pumford-K-zyVx3Jakw-unsplash.jpg\"><img loading=\"lazy\" decoding=\"async\" width=\"1024\" height=\"683\" src=\"https:\/\/laespiral.deusto.es\/wp-content\/uploads\/2025\/03\/tom-pumford-K-zyVx3Jakw-unsplash-1024x683.jpg\" alt=\"\" class=\"wp-image-5402\" style=\"width:339px;height:auto\" srcset=\"https:\/\/laespiral.deusto.es\/wp-content\/uploads\/2025\/03\/tom-pumford-K-zyVx3Jakw-unsplash-1024x683.jpg 1024w, https:\/\/laespiral.deusto.es\/wp-content\/uploads\/2025\/03\/tom-pumford-K-zyVx3Jakw-unsplash-300x200.jpg 300w, https:\/\/laespiral.deusto.es\/wp-content\/uploads\/2025\/03\/tom-pumford-K-zyVx3Jakw-unsplash-768x512.jpg 768w, https:\/\/laespiral.deusto.es\/wp-content\/uploads\/2025\/03\/tom-pumford-K-zyVx3Jakw-unsplash-1536x1024.jpg 1536w, https:\/\/laespiral.deusto.es\/wp-content\/uploads\/2025\/03\/tom-pumford-K-zyVx3Jakw-unsplash.jpg 1920w\" sizes=\"auto, (max-width: 1024px) 100vw, 1024px\" \/><\/a><figcaption class=\"wp-element-caption\">Foto de <a href=\"https:\/\/unsplash.com\/es\/@tompumford?utm_content=creditCopyText&amp;utm_medium=referral&amp;utm_source=unsplash\">Tom Pumford<\/a> en <a href=\"https:\/\/unsplash.com\/es\/fotos\/textil-floral-blanco-K-zyVx3Jakw?utm_content=creditCopyText&amp;utm_medium=referral&amp;utm_source=unsplash\">Unsplash<\/a>.<\/figcaption><\/figure>\n\n\n\n<p>Hoy en mi ventana brilla el sol (como dice la canci\u00f3n), y su brillo me invita a expresar mis pensares. He o\u00eddo decir que para escribir es suficiente con una hoja y un boli. \u00a1Pues anda que no tengo cuartillas en mi casa! \u00a1Hasta de colores!<\/p>\n\n\n\n<p>Siempre he admirado a las personas que dicen tener una musa, una sirena o un duende, que les despierta incluso de su m\u00e1s profundo sue\u00f1o, susurr\u00e1ndoles al o\u00eddo las palabras adecuadas para construir una idea.<\/p>\n\n\n\n<p>Las palabras se amontonan en mi mente, y los par\u00e9ntesis, las comas, los puntos y dem\u00e1s s\u00edmbolos son cables de colores que, junto a las letras, van entrelaz\u00e1ndose unos con otras, como re\u00f1idos, achuch\u00e1ndose, formando un c\u00edrculo enmara\u00f1ado, donde resulta complicado encontrar la primera letra, tirar de ella, conseguir con amor y delicadeza parir un cuento, un poema, o incluso, una historia. Soy una persona a la que le encanta aprender cosas nuevas. Esas ganas siempre han estado conmigo y por qu\u00e9 no transmitirlas despu\u00e9s. Recuerdo que, de ni\u00f1a en la escuela, no ten\u00eda bastante con las clases lectivas y entraba a hurtadillas a clases de particulares, me sentaba en el pupitre y la profesora con voz muy dulce me dec\u00eda al o\u00eddo: \u201cno est\u00e1s apuntada en la lista, tienes que salir de clase\u201d. Con la cabeza baja, sal\u00eda del aula y al llegar a casa enfadada espetaba a mi madre: \u00bfpor qu\u00e9 yo no puedo quedarme a particulares? Ella, como si de un fantasma se tratara y sin levantar la mirada de lo que ten\u00eda entre manos, contestaba: a ver qu\u00e9 nos trae el a\u00f1o nuevo. Yo no entend\u00eda nada, as\u00ed que segu\u00ed haciendo lo mismo, obligaba a la profesora a repetir una y otra vez las mismas palabras: \u00a1no est\u00e1s en la lista, tienes que salir de clase! Hasta que un d\u00eda se acerc\u00f3 a mi pupitre y me dijo al o\u00eddo con voz muy dulce: no te levantes, ya est\u00e1s en la lista. Esa tarde, la clase para m\u00ed ten\u00eda m\u00e1s luz y a mi madre la vi m\u00e1s guapa que nunca.<\/p>\n\n\n\n<p>No s\u00e9 cu\u00e1nto tiempo pas\u00f3 despu\u00e9s, lo que s\u00ed recuerdo es el cuidado con que llev\u00e9 en mis diminutas manos el regalo para \u201cmi se\u00f1orita\u201d. Era un pa\u00f1uelo blanco de encaje de bolillo, hecho por mi madre, del que prend\u00eda una notita que dec\u00eda: \u201cGracias por las clases particulares de la ni\u00f1a, Dios guarde a Ud. muchos a\u00f1os. Firmado: su madre\u201d.<\/p>\n\n\n\n<p>Puedo decir que conservo en mi retina su brillante sonrisa y la calidez de su mirada al desplegar aquel regalo. Estoy segura de que si la viera de nuevo, sin lugar a dudas, la reconocer\u00eda.<\/p>\n","protected":false},"excerpt":{"rendered":"<p>Hoy en mi ventana brilla el sol (como dice la canci\u00f3n), y su brillo me invita a expresar mis pensares. He o\u00eddo decir que para escribir es suficiente con una hoja y un boli. \u00a1Pues anda que no tengo cuartillas en mi casa! \u00a1Hasta de colores! Siempre he admirado a las personas que dicen tener [&hellip;]<\/p>\n","protected":false},"author":160,"featured_media":0,"comment_status":"open","ping_status":"closed","sticky":false,"template":"","format":"standard","meta":{"om_disable_all_campaigns":false,"_monsterinsights_skip_tracking":false,"_monsterinsights_sitenote_active":false,"_monsterinsights_sitenote_note":"","_monsterinsights_sitenote_category":0,"_uf_show_specific_survey":0,"_uf_disable_surveys":false,"_genesis_hide_title":false,"_genesis_hide_breadcrumbs":false,"_genesis_hide_singular_image":false,"_genesis_hide_footer_widgets":false,"_genesis_custom_body_class":"","_genesis_custom_post_class":"","_genesis_layout":"","footnotes":""},"categories":[4,835],"tags":[],"class_list":{"0":"post-5401","1":"post","2":"type-post","3":"status-publish","4":"format-standard","6":"category-relato-corto","7":"category-zona-creativa","8":"entry","9":"has-post-thumbnail"},"aioseo_notices":[],"_links":{"self":[{"href":"https:\/\/laespiral.deusto.es\/eu\/wp-json\/wp\/v2\/posts\/5401","targetHints":{"allow":["GET"]}}],"collection":[{"href":"https:\/\/laespiral.deusto.es\/eu\/wp-json\/wp\/v2\/posts"}],"about":[{"href":"https:\/\/laespiral.deusto.es\/eu\/wp-json\/wp\/v2\/types\/post"}],"author":[{"embeddable":true,"href":"https:\/\/laespiral.deusto.es\/eu\/wp-json\/wp\/v2\/users\/160"}],"replies":[{"embeddable":true,"href":"https:\/\/laespiral.deusto.es\/eu\/wp-json\/wp\/v2\/comments?post=5401"}],"version-history":[{"count":1,"href":"https:\/\/laespiral.deusto.es\/eu\/wp-json\/wp\/v2\/posts\/5401\/revisions"}],"predecessor-version":[{"id":5404,"href":"https:\/\/laespiral.deusto.es\/eu\/wp-json\/wp\/v2\/posts\/5401\/revisions\/5404"}],"wp:attachment":[{"href":"https:\/\/laespiral.deusto.es\/eu\/wp-json\/wp\/v2\/media?parent=5401"}],"wp:term":[{"taxonomy":"category","embeddable":true,"href":"https:\/\/laespiral.deusto.es\/eu\/wp-json\/wp\/v2\/categories?post=5401"},{"taxonomy":"post_tag","embeddable":true,"href":"https:\/\/laespiral.deusto.es\/eu\/wp-json\/wp\/v2\/tags?post=5401"}],"curies":[{"name":"wp","href":"https:\/\/api.w.org\/{rel}","templated":true}]}}