{"id":100,"name":"Hegoi","url":"","description":"Se me da fatal intentar describirme, pero tengo que rellenar estas l\u00edneas de alguna forma, all\u00e1 vamos. Soy un ni\u00f1o 18 a\u00f1os que a\u00fan no sabe bien qu\u00e9 hacer con su vida, as\u00ed que mejor no me preguntes. Acab\u00e9 en el taller de literatura de rebote, sin saber cu\u00e1l era mi lugar en una clase as\u00ed, si es que ten\u00eda alguno. Leo, sobre todo en verano; y de vez en cuando escribo, pero poco, y lo poco que escribo no lo suelo ense\u00f1ar, as\u00ed que persona que est\u00e1 leyendo esto: si\u00e9ntete privilegiada. No me gustar\u00eda acabar como Hemingway, aunque no me importar\u00eda vivir rodeado de gatos.","link":"https:\/\/laespiral.deusto.es\/eu\/author\/hegoi-d-t\/","slug":"hegoi-d-t","avatar_urls":{"24":"https:\/\/laespiral.deusto.es\/wp-content\/uploads\/2018\/05\/Foto-Taller-100x100.jpg","48":"https:\/\/laespiral.deusto.es\/wp-content\/uploads\/2018\/05\/Foto-Taller-100x100.jpg","96":"https:\/\/laespiral.deusto.es\/wp-content\/uploads\/2018\/05\/Foto-Taller-100x100.jpg"},"meta":[],"_links":{"self":[{"href":"https:\/\/laespiral.deusto.es\/eu\/wp-json\/wp\/v2\/users\/100","targetHints":{"allow":["GET"]}}],"collection":[{"href":"https:\/\/laespiral.deusto.es\/eu\/wp-json\/wp\/v2\/users"}]}}