{"id":112,"name":"Emilio Fr\u00edas","url":"","description":"Yo nac\u00ed un d\u00eda 13 de Octubre de 1950; un d\u00eda muy mojado y muy aburrido, en un Bilbao muy sucio y feo, en una casa frente al Ayuntamiento. Fui a la escuela de Indauchu y luego al Instituto de ense\u00f1anza media en la calle Licenciado Pozas. Estudi\u00e9 dos a\u00f1os para aparejador y decorador en el IAD. Desde los 19 hasta los 59 trabaj\u00e9 en el mundo del textil. En el a\u00f1o 2008 me licenci\u00e9 en Coaching Psicologico por la ICF y desde hace diez a\u00f1os regento un consultorio de terapia y doy clases de Inteligencia Emocional. Escribo desde hace siete a\u00f1os. Publiqu\u00e9 un ensayo sobre Clarice Lispector (s\u00ed, chica). Soy Libra, ascendente Leo. Soltero, vivo en Bilbao.","link":"https:\/\/laespiral.deusto.es\/eu\/author\/emilio-frias\/","slug":"emilio-frias","avatar_urls":{"24":"https:\/\/laespiral.deusto.es\/wp-content\/uploads\/2021\/03\/unnamed-1-100x100.jpg","48":"https:\/\/laespiral.deusto.es\/wp-content\/uploads\/2021\/03\/unnamed-1-100x100.jpg","96":"https:\/\/laespiral.deusto.es\/wp-content\/uploads\/2021\/03\/unnamed-1-100x100.jpg"},"meta":[],"_links":{"self":[{"href":"https:\/\/laespiral.deusto.es\/eu\/wp-json\/wp\/v2\/users\/112","targetHints":{"allow":["GET"]}}],"collection":[{"href":"https:\/\/laespiral.deusto.es\/eu\/wp-json\/wp\/v2\/users"}]}}