{"id":115,"name":"Guillermo Mateo","url":"","description":"Enamorado de su profesi\u00f3n, a la edad de 27 ascendi\u00f3 a Capit\u00e1n de la Marina Mercante en la multinacional GAZOCEAN. A\u00f1os m\u00e1s tarde, como docente, se dedic\u00f3 a transmitir sus conocimientos en el \u00e1rea de la seguridad con especial incidencia en el mundo mar\u00edtimo simultaneando con la faceta de Comisario de Aver\u00edas. Hoy, en su jubilaci\u00f3n, empujado por sus hijos, rememora en sus escritos sus experiencias de su vida mar\u00edtima transmitiendo su pasi\u00f3n vocacional. En sus narraciones describe la relaci\u00f3n del hombre con la naturaleza y con sus cong\u00e9neres con sus luces y sus sombras.","link":"https:\/\/laespiral.deusto.es\/eu\/author\/guillermo-mateo\/","slug":"guillermo-mateo","avatar_urls":{"24":"https:\/\/laespiral.deusto.es\/wp-content\/uploads\/2021\/04\/guillermo-100x100.jpeg","48":"https:\/\/laespiral.deusto.es\/wp-content\/uploads\/2021\/04\/guillermo-100x100.jpeg","96":"https:\/\/laespiral.deusto.es\/wp-content\/uploads\/2021\/04\/guillermo-100x100.jpeg"},"meta":[],"_links":{"self":[{"href":"https:\/\/laespiral.deusto.es\/eu\/wp-json\/wp\/v2\/users\/115","targetHints":{"allow":["GET"]}}],"collection":[{"href":"https:\/\/laespiral.deusto.es\/eu\/wp-json\/wp\/v2\/users"}]}}