{"id":23,"name":"Jos\u00e9 \u00c1ngel Ares Garc\u00eda","url":"https:\/\/www.joseangelares.com\/","description":"Nacido en Bilbao en 1979 y actualmente residente en Santiago de Compostela. Ha realizado portadas e ilustraciones de libros para las editoriales gallegas Urco Editora (\u2018Solomon Kane\u2019, \u2018Galiza Mutante: poder nuclear\u2019, \u2018As Cr\u00f3nicas de Bran: a porta de Annw\u2019) y Contos Estra\u00f1os (trilog\u00eda del \u2018Apalpador\u2019) y participado en otras como Dlorean Ediciones (\u2018Action Tales\u2019) as\u00ed como proyectos solidarios como \u2018Ilusionaria\u2019 y ebooks (\u2018SincroniciUdad\u2019 y \u2018Urgencia Z\u2019). En 2013 realiza la novela gr\u00e1fica con gui\u00f3n de Paco Hern\u00e1ndez \u2018Rosa y Javier\u2019 (Edicions de Ponent) y webc\u00f3mics como \u2018No eres t\u00fa, soy yo\u2019 y \u2018Draw it yourself\u2019. Galer\u00eda en DeviantArt: https:\/\/paterdixit.deviantart.com\/","link":"https:\/\/laespiral.deusto.es\/eu\/author\/joseangelaresgmail-com\/","slug":"joseangelaresgmail-com","avatar_urls":{"24":"https:\/\/laespiral.deusto.es\/wp-content\/uploads\/2014\/05\/FOTO-PATER-100x100.jpg","48":"https:\/\/laespiral.deusto.es\/wp-content\/uploads\/2014\/05\/FOTO-PATER-100x100.jpg","96":"https:\/\/laespiral.deusto.es\/wp-content\/uploads\/2014\/05\/FOTO-PATER-100x100.jpg"},"meta":[],"_links":{"self":[{"href":"https:\/\/laespiral.deusto.es\/eu\/wp-json\/wp\/v2\/users\/23","targetHints":{"allow":["GET"]}}],"collection":[{"href":"https:\/\/laespiral.deusto.es\/eu\/wp-json\/wp\/v2\/users"}]}}