{"id":36,"name":"Carmen M\u00aa S\u00e1nchez","url":"","description":"Me llamo Carmen M\u00aa S\u00e1nchez. Nac\u00ed en Ja\u00e9n y desde siempre he deseado ser escritora, -como otras tantas personas en el mundo-, por dos razones b\u00e1sicas: porque me encanta leer y porque necesito contar lo que se me pasa por la cabeza. Aunque hice experimentos literarios desde joven, puedo afirmar que no ha sido hasta ahora, -que ya soy mayor-, cuando me he atrevido a recuperar todo aquello que ten\u00eda escrito, pulirlo y exponerlo ante los ojos de lectores desconocidos. Creo que es uno de los retos m\u00e1s grandes que me he planteado en mi vida.  Profesionalmente me dedico al mundo de la docencia, como profesora de Lengua Espa\u00f1ola,  profesora de Espa\u00f1ol como Lengua Extranjera y correctora.  Entre otros menesteres tambi\u00e9n dirijo una revista acad\u00e9mica de soporte electr\u00f3nico que se titula <a href=\"https:\/\/revistaelectronicalenguaje.com\/\"> Revista Electr\u00f3nica del Lenguaje<\/a> y soy coordinadora de la comunidad <a href=\"https:\/\/www.facebook.com\/groups\/filolologiaeinvestigacion\/\"> \u201cFilolog\u00eda e Investigaci\u00f3n\u201d<\/a> en Facebook","link":"https:\/\/laespiral.deusto.es\/eu\/author\/carmensanchez57hotmail-es\/","slug":"carmensanchez57hotmail-es","avatar_urls":{"24":"https:\/\/laespiral.deusto.es\/wp-content\/uploads\/2014\/11\/Carmen-100x100.jpg","48":"https:\/\/laespiral.deusto.es\/wp-content\/uploads\/2014\/11\/Carmen-100x100.jpg","96":"https:\/\/laespiral.deusto.es\/wp-content\/uploads\/2014\/11\/Carmen-100x100.jpg"},"meta":[],"_links":{"self":[{"href":"https:\/\/laespiral.deusto.es\/eu\/wp-json\/wp\/v2\/users\/36","targetHints":{"allow":["GET"]}}],"collection":[{"href":"https:\/\/laespiral.deusto.es\/eu\/wp-json\/wp\/v2\/users"}]}}