{"id":65,"name":"Clara L\u00f3pez","url":"https:\/\/www.claradelaverno.com\/","description":"Soy de Santander, aunque actualmente resido en Bilbao. Desde que tengo uso de raz\u00f3n me ha apasionado el dibujo y el arte, lo que me llev\u00f3 a estudiar Bellas Artes en la UPV. Desde que acab\u00e9 la carrera he seguido form\u00e1ndome ya sea autodidacta o acad\u00e9micamente. Mi trabajo gira siempre en torno al dibujo y la ilustraci\u00f3n, tocando de vez en cuando la autoedici\u00f3n o las t\u00e9cnicas gr\u00e1ficas. Tambi\u00e9n soy el 33% del Colectivo Y Peluda, con el cual he editado un pu\u00f1ado de fanzines, he comisariado exposiciones y he participado en distintos proyectos, todos relacionados con el arte.","link":"https:\/\/laespiral.deusto.es\/eu\/author\/redaccionespiral9gmail-com\/","slug":"redaccionespiral9gmail-com","avatar_urls":{"24":"https:\/\/laespiral.deusto.es\/wp-content\/uploads\/2021\/03\/guest-100x100.png","48":"https:\/\/laespiral.deusto.es\/wp-content\/uploads\/2021\/03\/guest-100x100.png","96":"https:\/\/laespiral.deusto.es\/wp-content\/uploads\/2021\/03\/guest-100x100.png"},"meta":[],"_links":{"self":[{"href":"https:\/\/laespiral.deusto.es\/eu\/wp-json\/wp\/v2\/users\/65","targetHints":{"allow":["GET"]}}],"collection":[{"href":"https:\/\/laespiral.deusto.es\/eu\/wp-json\/wp\/v2\/users"}]}}